{"id":257,"date":"2017-09-13T15:09:21","date_gmt":"2017-09-13T15:09:21","guid":{"rendered":"http:\/\/parlamentoveneto.org\/cms\/?p=257"},"modified":"2017-09-13T15:09:21","modified_gmt":"2017-09-13T15:09:21","slug":"la-prossima-seduta-del-parlamento-provvisorio-della-repubblica-veneta-si-terra-il-2209-a-mestre","status":"publish","type":"post","link":"https:\/\/parlamentoveneto.org\/cms\/la-prossima-seduta-del-parlamento-provvisorio-della-repubblica-veneta-si-terra-il-2209-a-mestre\/","title":{"rendered":"La prossima seduta del Parlamento Provvisorio della Repubblica Veneta si terr\u00e0 il 22\/09 a Mestre"},"content":{"rendered":"<p><a href=\"https:\/\/parlamentoveneto.org\/cms\/wp-content\/uploads\/2017\/09\/parlrv.jpg\"><img loading=\"lazy\" decoding=\"async\" class=\"alignright size-medium wp-image-258\" src=\"https:\/\/parlamentoveneto.org\/cms\/wp-content\/uploads\/2017\/09\/parlrv-300x225.jpg\" alt=\"\" width=\"300\" height=\"225\" srcset=\"https:\/\/parlamentoveneto.org\/cms\/wp-content\/uploads\/2017\/09\/parlrv-300x225.jpg 300w, https:\/\/parlamentoveneto.org\/cms\/wp-content\/uploads\/2017\/09\/parlrv-768x576.jpg 768w, https:\/\/parlamentoveneto.org\/cms\/wp-content\/uploads\/2017\/09\/parlrv.jpg 960w\" sizes=\"(max-width: 300px) 100vw, 300px\" \/><\/a>Oggi \u00e8 stata convocata una nuova seduta urgente del Parlamento Provvisorio della Repubblica Veneta, che si terr\u00e0 venerd\u00ec 22 settembre 2017 alle ore 20.30 presso il Park Hotel AI PINI in Via Miranese, 176 a Mestre (Venezia).<\/p>\n<p>L&#8217;ordine del giorno \u00e8 il seguente:<\/p>\n<ul>\n<li>solidariet\u00e0 al Popolo Catalano e al Popolo Curdo e sostegno del loro diritto di autodeterminazione;<\/li>\n<li>comunicazioni del Governo Provvisorio della Repubblica Veneta;<\/li>\n<li>risposta ad interrogazioni depositate entro il 19 settembre 2017;<\/li>\n<li>varie ed eventuali.<\/li>\n<\/ul>\n<p><strong>La seduta \u00e8 aperta al pubblico.<\/strong><\/p>\n","protected":false},"excerpt":{"rendered":"<p>Oggi \u00e8 stata convocata una nuova seduta urgente del Parlamento Provvisorio della Repubblica Veneta, che si terr\u00e0 venerd\u00ec 22 settembre 2017 alle ore 20.30 presso il Park Hotel AI PINI in Via Miranese, 176 a Mestre (Venezia). L&#8217;ordine del giorno \u00e8 il seguente: solidariet\u00e0 al Popolo Catalano e al Popolo Curdo e sostegno del loro diritto di autodeterminazione; comunicazioni del<\/p>\n","protected":false},"author":1,"featured_media":258,"comment_status":"open","ping_status":"open","sticky":false,"template":"","format":"standard","meta":{"jetpack_post_was_ever_published":false,"_jetpack_newsletter_access":"","_jetpack_dont_email_post_to_subs":false,"_jetpack_newsletter_tier_id":0,"_jetpack_memberships_contains_paywalled_content":false,"_jetpack_memberships_contains_paid_content":false,"footnotes":"","jetpack_publicize_message":"","jetpack_publicize_feature_enabled":true,"jetpack_social_post_already_shared":true,"jetpack_social_options":{"image_generator_settings":{"template":"highway","enabled":false},"version":2}},"categories":[3,6,1],"tags":[],"class_list":["post-257","post","type-post","status-publish","format-standard","has-post-thumbnail","hentry","category-commissioni","category-comunicazioni-istituzionali","category-sedute"],"jetpack_publicize_connections":[],"aioseo_notices":[],"jetpack_featured_media_url":"https:\/\/parlamentoveneto.org\/cms\/wp-content\/uploads\/2017\/09\/parlrv.jpg","jetpack_sharing_enabled":true,"jetpack_shortlink":"https:\/\/wp.me\/p6i19K-49","jetpack_likes_enabled":true,"_links":{"self":[{"href":"https:\/\/parlamentoveneto.org\/cms\/wp-json\/wp\/v2\/posts\/257"}],"collection":[{"href":"https:\/\/parlamentoveneto.org\/cms\/wp-json\/wp\/v2\/posts"}],"about":[{"href":"https:\/\/parlamentoveneto.org\/cms\/wp-json\/wp\/v2\/types\/post"}],"author":[{"embeddable":true,"href":"https:\/\/parlamentoveneto.org\/cms\/wp-json\/wp\/v2\/users\/1"}],"replies":[{"embeddable":true,"href":"https:\/\/parlamentoveneto.org\/cms\/wp-json\/wp\/v2\/comments?post=257"}],"version-history":[{"count":1,"href":"https:\/\/parlamentoveneto.org\/cms\/wp-json\/wp\/v2\/posts\/257\/revisions"}],"predecessor-version":[{"id":259,"href":"https:\/\/parlamentoveneto.org\/cms\/wp-json\/wp\/v2\/posts\/257\/revisions\/259"}],"wp:featuredmedia":[{"embeddable":true,"href":"https:\/\/parlamentoveneto.org\/cms\/wp-json\/wp\/v2\/media\/258"}],"wp:attachment":[{"href":"https:\/\/parlamentoveneto.org\/cms\/wp-json\/wp\/v2\/media?parent=257"}],"wp:term":[{"taxonomy":"category","embeddable":true,"href":"https:\/\/parlamentoveneto.org\/cms\/wp-json\/wp\/v2\/categories?post=257"},{"taxonomy":"post_tag","embeddable":true,"href":"https:\/\/parlamentoveneto.org\/cms\/wp-json\/wp\/v2\/tags?post=257"}],"curies":[{"name":"wp","href":"https:\/\/api.w.org\/{rel}","templated":true}]}}